{"id":459,"date":"2019-06-05T19:18:25","date_gmt":"2019-06-05T17:18:25","guid":{"rendered":"http:\/\/essouvert.eu\/?p=459"},"modified":"2019-12-28T18:24:40","modified_gmt":"2019-12-28T17:24:40","slug":"manifestations-mars-2019","status":"publish","type":"post","link":"https:\/\/essouvert.fr\/?p=459","title":{"rendered":"Prochaines Manifestations 2019"},"content":{"rendered":"<p><span style=\"color: #993366;\"><strong>29 juin 2019 \u00e0 12 heures<\/strong><\/span> au stade de St Denis du Pin, venez f\u00eater les 50 ans du club de foot ! Renseignements et inscription \u00e0 la Mairie d&rsquo;Essouvert.<\/p>\n<p><span style=\"color: #993366;\"><strong>12 juillet 2019 \u00e0 partir de 19 heures<\/strong><\/span>, repas, feu d&rsquo;artifice et bal au sta de St Denis du Pin. R\u00e9servations avant le 5 juillet pour le repas aupr\u00e8s de l&rsquo;association des 4 R\u00e9cr\u00e9s, Mme Warembourg au 06 19 64 18 22.<\/p>\n<p><strong><span style=\"color: #993366;\">25 ao\u00fbt 2019 \u00e0 midi<\/span><\/strong>,\u00a0 repas du Four organis\u00e9 par l&rsquo;association des 2 Fontaines. Amenez votre pique-nique.<\/p>\n<p><strong><span style=\"color: #993366;\">1er septembre 2019 \u00e0 12 heures<\/span><\/strong>, soyez nombreux au rendez-vous annuel du pique-nique de Bourgneuf.<\/p>\n<p><span style=\"color: #993366;\"><strong>8 septembre 2019<\/strong><\/span>, brocante de la Soci\u00e9t\u00e9 des F\u00eates. R\u00e9servez votre place;<\/p>\n<p><strong><span style=\"color: #993366;\">16 novembre 2019<\/span><\/strong> \u00e0 midi, repas du 3\u00e8me \u00e2ge \u00e0 la salle Alliance d&rsquo;Essouvert.<\/p>\n<p><span style=\"color: #993366;\"><strong>1<sup>er<\/sup> d\u00e9cembre 2019<\/strong><\/span>, march\u00e9 de No\u00ebl organis\u00e9 par les 4 R\u00e9cr\u00e9s<\/p>\n<p><strong><span style=\"color: #993366;\">19 d\u00e9cembre 2019 \u00e0 partir de 17h45<\/span><\/strong> , arriv\u00e9e du P\u00e8re No\u00ebl \u00e0 la salle Alliance d&rsquo;Essouvert.<\/p>\n","protected":false},"excerpt":{"rendered":"<p>29 juin 2019 \u00e0 12 heures au stade de St Denis du Pin, venez f\u00eater les 50 ans du club de foot ! Renseignements et inscription \u00e0 la Mairie d&rsquo;Essouvert. 12 juillet 2019 \u00e0 partir de 19 heures, repas, feu d&rsquo;artifice et bal au sta de St Denis du Pin. R\u00e9servations avant le 5 juillet &hellip; <\/p>\n<p class=\"link-more\"><a href=\"https:\/\/essouvert.fr\/?p=459\" class=\"more-link\">Continuer la lecture<span class=\"screen-reader-text\"> de &laquo;&nbsp;Prochaines Manifestations 2019&nbsp;&raquo;<\/span><\/a><\/p>\n","protected":false},"author":2,"featured_media":0,"comment_status":"closed","ping_status":"open","sticky":false,"template":"","format":"standard","meta":{"footnotes":""},"categories":[9,8],"tags":[],"class_list":["post-459","post","type-post","status-publish","format-standard","hentry","category-conseil","category-admin"],"_links":{"self":[{"href":"https:\/\/essouvert.fr\/index.php?rest_route=\/wp\/v2\/posts\/459","targetHints":{"allow":["GET"]}}],"collection":[{"href":"https:\/\/essouvert.fr\/index.php?rest_route=\/wp\/v2\/posts"}],"about":[{"href":"https:\/\/essouvert.fr\/index.php?rest_route=\/wp\/v2\/types\/post"}],"author":[{"embeddable":true,"href":"https:\/\/essouvert.fr\/index.php?rest_route=\/wp\/v2\/users\/2"}],"replies":[{"embeddable":true,"href":"https:\/\/essouvert.fr\/index.php?rest_route=%2Fwp%2Fv2%2Fcomments&post=459"}],"version-history":[{"count":6,"href":"https:\/\/essouvert.fr\/index.php?rest_route=\/wp\/v2\/posts\/459\/revisions"}],"predecessor-version":[{"id":522,"href":"https:\/\/essouvert.fr\/index.php?rest_route=\/wp\/v2\/posts\/459\/revisions\/522"}],"wp:attachment":[{"href":"https:\/\/essouvert.fr\/index.php?rest_route=%2Fwp%2Fv2%2Fmedia&parent=459"}],"wp:term":[{"taxonomy":"category","embeddable":true,"href":"https:\/\/essouvert.fr\/index.php?rest_route=%2Fwp%2Fv2%2Fcategories&post=459"},{"taxonomy":"post_tag","embeddable":true,"href":"https:\/\/essouvert.fr\/index.php?rest_route=%2Fwp%2Fv2%2Ftags&post=459"}],"curies":[{"name":"wp","href":"https:\/\/api.w.org\/{rel}","templated":true}]}}